{"id":513,"date":"2026-01-22T12:44:06","date_gmt":"2026-01-22T12:44:06","guid":{"rendered":"https:\/\/www.masfacil.net\/blog\/?p=513"},"modified":"2026-01-22T12:44:07","modified_gmt":"2026-01-22T12:44:07","slug":"tendencias-inmobiliarias-en-cartagena-para-2026-que-se-espera-del-mercado-local","status":"publish","type":"post","link":"https:\/\/www.masfacil.net\/blog\/tendencias-inmobiliarias-en-cartagena-para-2026-que-se-espera-del-mercado-local\/","title":{"rendered":"Tendencias inmobiliarias en Cartagena para 2026: qu\u00e9 se espera del mercado local"},"content":{"rendered":"\n<p><\/p>\n\n\n\n<hr class=\"wp-block-separator has-alpha-channel-opacity\"\/>\n\n\n\n<p>El mercado inmobiliario de Cartagena contin\u00faa mostrando una evoluci\u00f3n positiva y estable. Tras un 2025 marcado por el ajuste de precios, el aumento de la demanda y la escasez de vivienda disponible, <strong>2026 se presenta como un a\u00f1o clave para propietarios, compradores e inversores<\/strong>.<\/p>\n\n\n\n<p>Analizamos las principales <strong>tendencias inmobiliarias en Cartagena para 2026<\/strong> y lo que se espera del mercado local en los pr\u00f3ximos meses.<\/p>\n\n\n\n<hr class=\"wp-block-separator has-alpha-channel-opacity\"\/>\n\n\n\n<h2 class=\"wp-block-heading\">1. Precios al alza, pero con crecimiento moderado<\/h2>\n\n\n\n<p>Todo apunta a que <strong>los precios seguir\u00e1n subiendo en 2026<\/strong>, aunque de forma m\u00e1s contenida que en a\u00f1os anteriores.<\/p>\n\n\n\n<p>Las razones principales son:<\/p>\n\n\n\n<ul class=\"wp-block-list\">\n<li>Falta de vivienda en venta en zonas demandadas<\/li>\n\n\n\n<li>Elevado inter\u00e9s por comprar frente al alquiler<\/li>\n\n\n\n<li>Estabilidad de la demanda nacional<\/li>\n<\/ul>\n\n\n\n<p>Se espera una <strong>subida media de entre el 4 % y el 7 % anual<\/strong>, con mayores incrementos en barrios bien comunicados, zonas c\u00e9ntricas y \u00e1reas cercanas al mar.<\/p>\n\n\n\n<hr class=\"wp-block-separator has-alpha-channel-opacity\"\/>\n\n\n\n<h2 class=\"wp-block-heading\">2. Alta demanda y poca oferta: la gran clave del mercado<\/h2>\n\n\n\n<p>Uno de los factores m\u00e1s importantes del mercado inmobiliario en Cartagena es la <strong>escasez de viviendas disponibles<\/strong>.<\/p>\n\n\n\n<p>Muchos propietarios no venden por:<\/p>\n\n\n\n<ul class=\"wp-block-list\">\n<li>Miedo a no encontrar una vivienda alternativa<\/li>\n\n\n\n<li>Hipotecas antiguas con tipos muy bajos<\/li>\n\n\n\n<li>Incertidumbre econ\u00f3mica<\/li>\n<\/ul>\n\n\n\n<p>Esto provoca que <strong>las viviendas bien situadas y bien presentadas se vendan r\u00e1pidamente<\/strong>, especialmente aquellas con:<\/p>\n\n\n\n<ul class=\"wp-block-list\">\n<li>Ascensor<\/li>\n\n\n\n<li>Terraza<\/li>\n\n\n\n<li>Buen estado de conservaci\u00f3n<\/li>\n\n\n\n<li>Zonas consolidadas<\/li>\n<\/ul>\n\n\n\n<hr class=\"wp-block-separator has-alpha-channel-opacity\"\/>\n\n\n\n<h2 class=\"wp-block-heading\">3. Crece el inter\u00e9s por barrios con buena relaci\u00f3n calidad-precio<\/h2>\n\n\n\n<p>En 2026 seguir\u00e1 creciendo la demanda en barrios que ofrecen <strong>precios m\u00e1s asequibles y buena calidad de vida<\/strong>.<\/p>\n\n\n\n<p>Algunas zonas con especial inter\u00e9s:<\/p>\n\n\n\n<ul class=\"wp-block-list\">\n<li>Los Barreros<\/li>\n\n\n\n<li>San Ant\u00f3n<\/li>\n\n\n\n<li>Barrio Peral<\/li>\n\n\n\n<li>Jos\u00e9 Mar\u00eda de la Puerta<\/li>\n\n\n\n<li>Ensanche y zonas pr\u00f3ximas al centro<\/li>\n<\/ul>\n\n\n\n<p>Estas \u00e1reas destacan por:<\/p>\n\n\n\n<ul class=\"wp-block-list\">\n<li>Buenas comunicaciones<\/li>\n\n\n\n<li>Servicios completos<\/li>\n\n\n\n<li>Viviendas amplias<\/li>\n\n\n\n<li>Mayor potencial de revalorizaci\u00f3n<\/li>\n<\/ul>\n\n\n\n<hr class=\"wp-block-separator has-alpha-channel-opacity\"\/>\n\n\n\n<h2 class=\"wp-block-heading\">4. Compradores m\u00e1s informados y exigentes<\/h2>\n\n\n\n<p>El comprador de 2026 llega mejor informado que nunca. Compara precios, analiza zonas, revisa portales y exige transparencia.<\/p>\n\n\n\n<p>Esto obliga a:<\/p>\n\n\n\n<ul class=\"wp-block-list\">\n<li>Ajustar bien el precio desde el inicio<\/li>\n\n\n\n<li>Presentar correctamente la vivienda<\/li>\n\n\n\n<li>Cuidar la calidad de los anuncios<\/li>\n\n\n\n<li>Tener toda la documentaci\u00f3n preparada<\/li>\n<\/ul>\n\n\n\n<p>Las viviendas mal valoradas o mal presentadas <strong>tienden a quedarse m\u00e1s tiempo en el mercado<\/strong>.<\/p>\n\n\n\n<hr class=\"wp-block-separator has-alpha-channel-opacity\"\/>\n\n\n\n<h2 class=\"wp-block-heading\">5. La eficiencia energ\u00e9tica gana protagonismo<\/h2>\n\n\n\n<p>Cada vez m\u00e1s compradores valoran:<\/p>\n\n\n\n<ul class=\"wp-block-list\">\n<li>Buen aislamiento<\/li>\n\n\n\n<li>Ventanas eficientes<\/li>\n\n\n\n<li>Orientaci\u00f3n<\/li>\n\n\n\n<li>Sistemas de climatizaci\u00f3n modernos<\/li>\n<\/ul>\n\n\n\n<p>Las viviendas con <strong>mejor eficiencia energ\u00e9tica<\/strong>:<\/p>\n\n\n\n<ul class=\"wp-block-list\">\n<li>Se venden antes<\/li>\n\n\n\n<li>Generan m\u00e1s visitas<\/li>\n\n\n\n<li>Logran mejores precios<\/li>\n<\/ul>\n\n\n\n<p>En 2026, la sostenibilidad seguir\u00e1 ganando peso en la decisi\u00f3n de compra.<\/p>\n\n\n\n<hr class=\"wp-block-separator has-alpha-channel-opacity\"\/>\n\n\n\n<h2 class=\"wp-block-heading\">6. Buen momento para vender en Cartagena<\/h2>\n\n\n\n<p>El contexto de <strong>alta demanda y poca oferta<\/strong> convierte 2026 en un <strong>a\u00f1o muy favorable para los vendedores<\/strong>.<\/p>\n\n\n\n<p>Quienes decidan vender pueden beneficiarse de:<\/p>\n\n\n\n<ul class=\"wp-block-list\">\n<li>M\u00e1s compradores activos<\/li>\n\n\n\n<li>Menor competencia<\/li>\n\n\n\n<li>Mejores precios<\/li>\n\n\n\n<li>Operaciones m\u00e1s r\u00e1pidas<\/li>\n<\/ul>\n\n\n\n<p>Eso s\u00ed, la clave sigue siendo <strong>una correcta estrategia de venta y fijaci\u00f3n del precio real de mercado<\/strong>.<\/p>\n\n\n\n<h3 class=\"wp-block-heading\"><a href=\"https:\/\/www.masfacil.net\/cliente_acceso_inmuebles_ocultos\">Viviendas en preventa y oportunidades fuera de portales<\/a><\/h3>\n\n\n\n<p>Adem\u00e1s, en <strong>MasF\u00e1cil Inmobiliaria<\/strong> contamos con una <strong>bolsa exclusiva de viviendas ocultas en preventa<\/strong>, que no se publican en los portales inmobiliarios por petici\u00f3n expresa de sus propietarios. Se trata de inmuebles seleccionados que salen al mercado de forma discreta, permitiendo a nuestros clientes acceder <strong>antes que nadie<\/strong> a oportunidades muy interesantes.<\/p>\n\n\n\n<p>Si est\u00e1s buscando vivienda en Cartagena o quieres vender con total confidencialidad, <strong>puedes solicitarnos acceso a estas propiedades en preventa<\/strong>. Estaremos encantados de informarte sin compromiso y ayudarte a encontrar la opci\u00f3n que mejor se adapte a tus necesidades.<\/p>\n\n\n\n<hr class=\"wp-block-separator has-alpha-channel-opacity\"\/>\n\n\n\n<h2 class=\"wp-block-heading\">7. Perspectiva estable para compradores e inversores<\/h2>\n\n\n\n<p>Para compradores e inversores, 2026 seguir\u00e1 ofreciendo oportunidades interesantes, especialmente en:<\/p>\n\n\n\n<ul class=\"wp-block-list\">\n<li>Viviendas para reformar<\/li>\n\n\n\n<li>Zonas con potencial de revalorizaci\u00f3n<\/li>\n\n\n\n<li>Inmuebles para alquiler de larga duraci\u00f3n<\/li>\n<\/ul>\n\n\n\n<p>Cartagena mantiene una <strong>demanda s\u00f3lida de alquiler<\/strong>, lo que la convierte en un mercado atractivo para inversi\u00f3n moderada y segura.<\/p>\n\n\n\n<hr class=\"wp-block-separator has-alpha-channel-opacity\"\/>\n\n\n\n<h2 class=\"wp-block-heading\">Qu\u00e9 podemos esperar del mercado inmobiliario en Cartagena en 2026<\/h2>\n\n\n\n<p>Todo indica que <strong>2026 ser\u00e1 un a\u00f1o de consolidaci\u00f3n<\/strong>, con un mercado m\u00e1s profesional, compradores m\u00e1s informados y vendedores mejor asesorados.<\/p>\n\n\n\n<p>La clave del \u00e9xito estar\u00e1 en:<\/p>\n\n\n\n<ul class=\"wp-block-list\">\n<li>Precio realista<\/li>\n\n\n\n<li>Buena presentaci\u00f3n<\/li>\n\n\n\n<li>Estrategia de marketing adecuada<\/li>\n\n\n\n<li>Asesoramiento profesional<\/li>\n<\/ul>\n\n\n\n<hr class=\"wp-block-separator has-alpha-channel-opacity\"\/>\n\n\n\n<h3 class=\"wp-block-heading\"><\/h3>\n\n\n\n<p>En <strong>MasF\u00e1cil Inmobiliaria<\/strong> analizamos a diario la evoluci\u00f3n del mercado inmobiliario de Cartagena para ofrecer a nuestros clientes <strong>valoraciones reales, estrategias eficaces y asesoramiento cercano<\/strong>.<\/p>\n\n\n\n<p>Si est\u00e1s pensando en vender o comprar una vivienda en 2026, estaremos encantados de orientarte sin compromiso.<\/p>\n\n\n\n<p><\/p>\n","protected":false},"excerpt":{"rendered":"<p>El mercado inmobiliario de Cartagena contin\u00faa mostrando una evoluci\u00f3n positiva y estable. Tras un 2025 marcado por el ajuste de precios, el aumento de la demanda y la escasez de vivienda disponible, 2026 se presenta como un a\u00f1o clave para propietarios, compradores e inversores. Analizamos las principales tendencias inmobiliarias en Cartagena para 2026 y lo [&hellip;]<\/p>\n","protected":false},"author":2,"featured_media":514,"comment_status":"closed","ping_status":"open","sticky":false,"template":"","format":"standard","meta":{"footnotes":""},"categories":[1],"tags":[],"class_list":["post-513","post","type-post","status-publish","format-standard","has-post-thumbnail","hentry","category-sin-categoria","wpbf-post"],"yoast_head":"<!-- This site is optimized with the Yoast SEO plugin v27.5 - https:\/\/yoast.com\/product\/yoast-seo-wordpress\/ -->\n<title>Descubre las tendencias inmobiliarias en Cartagena para 2026<\/title>\n<meta name=\"description\" content=\"Tendencias inmobiliarias en Cartagena para 2026: qu\u00e9 se espera del mercado local - M\u00e1s F\u00e1cil Inmobiliarias\" \/>\n<meta name=\"robots\" content=\"index, follow, max-snippet:-1, max-image-preview:large, max-video-preview:-1\" \/>\n<link rel=\"canonical\" href=\"https:\/\/www.masfacil.net\/blog\/tendencias-inmobiliarias-en-cartagena-para-2026-que-se-espera-del-mercado-local\/\" \/>\n<meta property=\"og:locale\" content=\"es_ES\" \/>\n<meta property=\"og:type\" content=\"article\" \/>\n<meta property=\"og:title\" content=\"Descubre las tendencias inmobiliarias en Cartagena para 2026\" \/>\n<meta property=\"og:description\" content=\"Tendencias inmobiliarias en Cartagena para 2026: qu\u00e9 se espera del mercado local - M\u00e1s F\u00e1cil Inmobiliarias\" \/>\n<meta property=\"og:url\" content=\"https:\/\/www.masfacil.net\/blog\/tendencias-inmobiliarias-en-cartagena-para-2026-que-se-espera-del-mercado-local\/\" \/>\n<meta property=\"og:site_name\" content=\"M\u00e1s F\u00e1cil Inmobiliarias\" \/>\n<meta property=\"article:publisher\" content=\"https:\/\/www.facebook.com\/masfacil.inmobiliarias\" \/>\n<meta property=\"article:author\" content=\"https:\/\/www.facebook.com\/www.masfacil.net\" \/>\n<meta property=\"article:published_time\" content=\"2026-01-22T12:44:06+00:00\" \/>\n<meta property=\"article:modified_time\" content=\"2026-01-22T12:44:07+00:00\" \/>\n<meta property=\"og:image\" content=\"https:\/\/www.masfacil.net\/blog\/wp-content\/uploads\/2026\/01\/\u2014Pngtree\u2014house-with-gavel-and-2026_17450321-1-scaled.png\" \/>\n\t<meta property=\"og:image:width\" content=\"2560\" \/>\n\t<meta property=\"og:image:height\" content=\"1280\" \/>\n\t<meta property=\"og:image:type\" content=\"image\/png\" \/>\n<meta name=\"author\" content=\"Lucia Montoro Mart\u00ednez\" \/>\n<meta name=\"twitter:card\" content=\"summary_large_image\" \/>\n<meta name=\"twitter:creator\" content=\"@MasFacilinmo\" \/>\n<meta name=\"twitter:site\" content=\"@MasFacilinmo\" \/>\n<meta name=\"twitter:label1\" content=\"Escrito por\" \/>\n\t<meta name=\"twitter:data1\" content=\"Lucia Montoro Mart\u00ednez\" \/>\n\t<meta name=\"twitter:label2\" content=\"Tiempo de lectura\" \/>\n\t<meta name=\"twitter:data2\" content=\"4 minutos\" \/>\n<script type=\"application\/ld+json\" class=\"yoast-schema-graph\">{\"@context\":\"https:\\\/\\\/schema.org\",\"@graph\":[{\"@type\":\"Article\",\"@id\":\"https:\\\/\\\/www.masfacil.net\\\/blog\\\/tendencias-inmobiliarias-en-cartagena-para-2026-que-se-espera-del-mercado-local\\\/#article\",\"isPartOf\":{\"@id\":\"https:\\\/\\\/www.masfacil.net\\\/blog\\\/tendencias-inmobiliarias-en-cartagena-para-2026-que-se-espera-del-mercado-local\\\/\"},\"author\":{\"name\":\"Lucia Montoro Mart\u00ednez\",\"@id\":\"https:\\\/\\\/www.masfacil.net\\\/blog\\\/#\\\/schema\\\/person\\\/a4ac4299ad1bd99669d7e2b0f0c15a3f\"},\"headline\":\"Tendencias inmobiliarias en Cartagena para 2026: qu\u00e9 se espera del mercado local\",\"datePublished\":\"2026-01-22T12:44:06+00:00\",\"dateModified\":\"2026-01-22T12:44:07+00:00\",\"mainEntityOfPage\":{\"@id\":\"https:\\\/\\\/www.masfacil.net\\\/blog\\\/tendencias-inmobiliarias-en-cartagena-para-2026-que-se-espera-del-mercado-local\\\/\"},\"wordCount\":732,\"publisher\":{\"@id\":\"https:\\\/\\\/www.masfacil.net\\\/blog\\\/#organization\"},\"image\":{\"@id\":\"https:\\\/\\\/www.masfacil.net\\\/blog\\\/tendencias-inmobiliarias-en-cartagena-para-2026-que-se-espera-del-mercado-local\\\/#primaryimage\"},\"thumbnailUrl\":\"https:\\\/\\\/www.masfacil.net\\\/blog\\\/wp-content\\\/uploads\\\/2026\\\/01\\\/\u2014Pngtree\u2014house-with-gavel-and-2026_17450321-1-scaled.png\",\"inLanguage\":\"es\"},{\"@type\":\"WebPage\",\"@id\":\"https:\\\/\\\/www.masfacil.net\\\/blog\\\/tendencias-inmobiliarias-en-cartagena-para-2026-que-se-espera-del-mercado-local\\\/\",\"url\":\"https:\\\/\\\/www.masfacil.net\\\/blog\\\/tendencias-inmobiliarias-en-cartagena-para-2026-que-se-espera-del-mercado-local\\\/\",\"name\":\"Descubre las tendencias inmobiliarias en Cartagena para 2026\",\"isPartOf\":{\"@id\":\"https:\\\/\\\/www.masfacil.net\\\/blog\\\/#website\"},\"primaryImageOfPage\":{\"@id\":\"https:\\\/\\\/www.masfacil.net\\\/blog\\\/tendencias-inmobiliarias-en-cartagena-para-2026-que-se-espera-del-mercado-local\\\/#primaryimage\"},\"image\":{\"@id\":\"https:\\\/\\\/www.masfacil.net\\\/blog\\\/tendencias-inmobiliarias-en-cartagena-para-2026-que-se-espera-del-mercado-local\\\/#primaryimage\"},\"thumbnailUrl\":\"https:\\\/\\\/www.masfacil.net\\\/blog\\\/wp-content\\\/uploads\\\/2026\\\/01\\\/\u2014Pngtree\u2014house-with-gavel-and-2026_17450321-1-scaled.png\",\"datePublished\":\"2026-01-22T12:44:06+00:00\",\"dateModified\":\"2026-01-22T12:44:07+00:00\",\"description\":\"Tendencias inmobiliarias en Cartagena para 2026: qu\u00e9 se espera del mercado local - M\u00e1s F\u00e1cil Inmobiliarias\",\"breadcrumb\":{\"@id\":\"https:\\\/\\\/www.masfacil.net\\\/blog\\\/tendencias-inmobiliarias-en-cartagena-para-2026-que-se-espera-del-mercado-local\\\/#breadcrumb\"},\"inLanguage\":\"es\",\"potentialAction\":[{\"@type\":\"ReadAction\",\"target\":[\"https:\\\/\\\/www.masfacil.net\\\/blog\\\/tendencias-inmobiliarias-en-cartagena-para-2026-que-se-espera-del-mercado-local\\\/\"]}]},{\"@type\":\"ImageObject\",\"inLanguage\":\"es\",\"@id\":\"https:\\\/\\\/www.masfacil.net\\\/blog\\\/tendencias-inmobiliarias-en-cartagena-para-2026-que-se-espera-del-mercado-local\\\/#primaryimage\",\"url\":\"https:\\\/\\\/www.masfacil.net\\\/blog\\\/wp-content\\\/uploads\\\/2026\\\/01\\\/\u2014Pngtree\u2014house-with-gavel-and-2026_17450321-1-scaled.png\",\"contentUrl\":\"https:\\\/\\\/www.masfacil.net\\\/blog\\\/wp-content\\\/uploads\\\/2026\\\/01\\\/\u2014Pngtree\u2014house-with-gavel-and-2026_17450321-1-scaled.png\",\"width\":2560,\"height\":1280,\"caption\":\"es.pngtree.com\\\/\"},{\"@type\":\"BreadcrumbList\",\"@id\":\"https:\\\/\\\/www.masfacil.net\\\/blog\\\/tendencias-inmobiliarias-en-cartagena-para-2026-que-se-espera-del-mercado-local\\\/#breadcrumb\",\"itemListElement\":[{\"@type\":\"ListItem\",\"position\":1,\"name\":\"Portada\",\"item\":\"https:\\\/\\\/www.masfacil.net\\\/blog\\\/\"},{\"@type\":\"ListItem\",\"position\":2,\"name\":\"Tendencias inmobiliarias en Cartagena para 2026: qu\u00e9 se espera del mercado local\"}]},{\"@type\":\"WebSite\",\"@id\":\"https:\\\/\\\/www.masfacil.net\\\/blog\\\/#website\",\"url\":\"https:\\\/\\\/www.masfacil.net\\\/blog\\\/\",\"name\":\"M\u00e1s F\u00e1cil Inmobiliarias\",\"description\":\"Blog de M\u00e1s F\u00e1cil Inmobiliarias\",\"publisher\":{\"@id\":\"https:\\\/\\\/www.masfacil.net\\\/blog\\\/#organization\"},\"potentialAction\":[{\"@type\":\"SearchAction\",\"target\":{\"@type\":\"EntryPoint\",\"urlTemplate\":\"https:\\\/\\\/www.masfacil.net\\\/blog\\\/?s={search_term_string}\"},\"query-input\":{\"@type\":\"PropertyValueSpecification\",\"valueRequired\":true,\"valueName\":\"search_term_string\"}}],\"inLanguage\":\"es\"},{\"@type\":\"Organization\",\"@id\":\"https:\\\/\\\/www.masfacil.net\\\/blog\\\/#organization\",\"name\":\"M\u00e1s F\u00e1cil Inmobiliarias\",\"url\":\"https:\\\/\\\/www.masfacil.net\\\/blog\\\/\",\"logo\":{\"@type\":\"ImageObject\",\"inLanguage\":\"es\",\"@id\":\"https:\\\/\\\/www.masfacil.net\\\/blog\\\/#\\\/schema\\\/logo\\\/image\\\/\",\"url\":\"https:\\\/\\\/www.masfacil.net\\\/blog\\\/wp-content\\\/uploads\\\/2024\\\/06\\\/logo.png\",\"contentUrl\":\"https:\\\/\\\/www.masfacil.net\\\/blog\\\/wp-content\\\/uploads\\\/2024\\\/06\\\/logo.png\",\"width\":350,\"height\":130,\"caption\":\"M\u00e1s F\u00e1cil Inmobiliarias\"},\"image\":{\"@id\":\"https:\\\/\\\/www.masfacil.net\\\/blog\\\/#\\\/schema\\\/logo\\\/image\\\/\"},\"sameAs\":[\"https:\\\/\\\/www.facebook.com\\\/masfacil.inmobiliarias\",\"https:\\\/\\\/x.com\\\/MasFacilinmo\",\"https:\\\/\\\/www.youtube.com\\\/@MasfacilNet\",\"https:\\\/\\\/www.tiktok.com\\\/@masfacil.inmobiliaria\"]},{\"@type\":\"Person\",\"@id\":\"https:\\\/\\\/www.masfacil.net\\\/blog\\\/#\\\/schema\\\/person\\\/a4ac4299ad1bd99669d7e2b0f0c15a3f\",\"name\":\"Lucia Montoro Mart\u00ednez\",\"image\":{\"@type\":\"ImageObject\",\"inLanguage\":\"es\",\"@id\":\"https:\\\/\\\/secure.gravatar.com\\\/avatar\\\/e155ec229aabb51af8184e69a05ca8343f59d08c7cd95345722b4444fa81b6fc?s=96&d=mm&r=g\",\"url\":\"https:\\\/\\\/secure.gravatar.com\\\/avatar\\\/e155ec229aabb51af8184e69a05ca8343f59d08c7cd95345722b4444fa81b6fc?s=96&d=mm&r=g\",\"contentUrl\":\"https:\\\/\\\/secure.gravatar.com\\\/avatar\\\/e155ec229aabb51af8184e69a05ca8343f59d08c7cd95345722b4444fa81b6fc?s=96&d=mm&r=g\",\"caption\":\"Lucia Montoro Mart\u00ednez\"},\"sameAs\":[\"http:\\\/\\\/www.masfacil.net\",\"https:\\\/\\\/www.facebook.com\\\/www.masfacil.net\",\"https:\\\/\\\/www.instagram.com\\\/masfacilinmobiliarias\\\/\",\"https:\\\/\\\/www.linkedin.com\\\/in\\\/lucia-montoro-4b523934\\\/\",\"https:\\\/\\\/www.youtube.com\\\/@MasfacilNet\"],\"url\":\"https:\\\/\\\/www.masfacil.net\\\/blog\\\/author\\\/lucia\\\/\"}]}<\/script>\n<!-- \/ Yoast SEO plugin. -->","yoast_head_json":{"title":"Descubre las tendencias inmobiliarias en Cartagena para 2026","description":"Tendencias inmobiliarias en Cartagena para 2026: qu\u00e9 se espera del mercado local - M\u00e1s F\u00e1cil Inmobiliarias","robots":{"index":"index","follow":"follow","max-snippet":"max-snippet:-1","max-image-preview":"max-image-preview:large","max-video-preview":"max-video-preview:-1"},"canonical":"https:\/\/www.masfacil.net\/blog\/tendencias-inmobiliarias-en-cartagena-para-2026-que-se-espera-del-mercado-local\/","og_locale":"es_ES","og_type":"article","og_title":"Descubre las tendencias inmobiliarias en Cartagena para 2026","og_description":"Tendencias inmobiliarias en Cartagena para 2026: qu\u00e9 se espera del mercado local - M\u00e1s F\u00e1cil Inmobiliarias","og_url":"https:\/\/www.masfacil.net\/blog\/tendencias-inmobiliarias-en-cartagena-para-2026-que-se-espera-del-mercado-local\/","og_site_name":"M\u00e1s F\u00e1cil Inmobiliarias","article_publisher":"https:\/\/www.facebook.com\/masfacil.inmobiliarias","article_author":"https:\/\/www.facebook.com\/www.masfacil.net","article_published_time":"2026-01-22T12:44:06+00:00","article_modified_time":"2026-01-22T12:44:07+00:00","og_image":[{"width":2560,"height":1280,"url":"https:\/\/www.masfacil.net\/blog\/wp-content\/uploads\/2026\/01\/\u2014Pngtree\u2014house-with-gavel-and-2026_17450321-1-scaled.png","type":"image\/png"}],"author":"Lucia Montoro Mart\u00ednez","twitter_card":"summary_large_image","twitter_creator":"@MasFacilinmo","twitter_site":"@MasFacilinmo","twitter_misc":{"Escrito por":"Lucia Montoro Mart\u00ednez","Tiempo de lectura":"4 minutos"},"schema":{"@context":"https:\/\/schema.org","@graph":[{"@type":"Article","@id":"https:\/\/www.masfacil.net\/blog\/tendencias-inmobiliarias-en-cartagena-para-2026-que-se-espera-del-mercado-local\/#article","isPartOf":{"@id":"https:\/\/www.masfacil.net\/blog\/tendencias-inmobiliarias-en-cartagena-para-2026-que-se-espera-del-mercado-local\/"},"author":{"name":"Lucia Montoro Mart\u00ednez","@id":"https:\/\/www.masfacil.net\/blog\/#\/schema\/person\/a4ac4299ad1bd99669d7e2b0f0c15a3f"},"headline":"Tendencias inmobiliarias en Cartagena para 2026: qu\u00e9 se espera del mercado local","datePublished":"2026-01-22T12:44:06+00:00","dateModified":"2026-01-22T12:44:07+00:00","mainEntityOfPage":{"@id":"https:\/\/www.masfacil.net\/blog\/tendencias-inmobiliarias-en-cartagena-para-2026-que-se-espera-del-mercado-local\/"},"wordCount":732,"publisher":{"@id":"https:\/\/www.masfacil.net\/blog\/#organization"},"image":{"@id":"https:\/\/www.masfacil.net\/blog\/tendencias-inmobiliarias-en-cartagena-para-2026-que-se-espera-del-mercado-local\/#primaryimage"},"thumbnailUrl":"https:\/\/www.masfacil.net\/blog\/wp-content\/uploads\/2026\/01\/\u2014Pngtree\u2014house-with-gavel-and-2026_17450321-1-scaled.png","inLanguage":"es"},{"@type":"WebPage","@id":"https:\/\/www.masfacil.net\/blog\/tendencias-inmobiliarias-en-cartagena-para-2026-que-se-espera-del-mercado-local\/","url":"https:\/\/www.masfacil.net\/blog\/tendencias-inmobiliarias-en-cartagena-para-2026-que-se-espera-del-mercado-local\/","name":"Descubre las tendencias inmobiliarias en Cartagena para 2026","isPartOf":{"@id":"https:\/\/www.masfacil.net\/blog\/#website"},"primaryImageOfPage":{"@id":"https:\/\/www.masfacil.net\/blog\/tendencias-inmobiliarias-en-cartagena-para-2026-que-se-espera-del-mercado-local\/#primaryimage"},"image":{"@id":"https:\/\/www.masfacil.net\/blog\/tendencias-inmobiliarias-en-cartagena-para-2026-que-se-espera-del-mercado-local\/#primaryimage"},"thumbnailUrl":"https:\/\/www.masfacil.net\/blog\/wp-content\/uploads\/2026\/01\/\u2014Pngtree\u2014house-with-gavel-and-2026_17450321-1-scaled.png","datePublished":"2026-01-22T12:44:06+00:00","dateModified":"2026-01-22T12:44:07+00:00","description":"Tendencias inmobiliarias en Cartagena para 2026: qu\u00e9 se espera del mercado local - M\u00e1s F\u00e1cil Inmobiliarias","breadcrumb":{"@id":"https:\/\/www.masfacil.net\/blog\/tendencias-inmobiliarias-en-cartagena-para-2026-que-se-espera-del-mercado-local\/#breadcrumb"},"inLanguage":"es","potentialAction":[{"@type":"ReadAction","target":["https:\/\/www.masfacil.net\/blog\/tendencias-inmobiliarias-en-cartagena-para-2026-que-se-espera-del-mercado-local\/"]}]},{"@type":"ImageObject","inLanguage":"es","@id":"https:\/\/www.masfacil.net\/blog\/tendencias-inmobiliarias-en-cartagena-para-2026-que-se-espera-del-mercado-local\/#primaryimage","url":"https:\/\/www.masfacil.net\/blog\/wp-content\/uploads\/2026\/01\/\u2014Pngtree\u2014house-with-gavel-and-2026_17450321-1-scaled.png","contentUrl":"https:\/\/www.masfacil.net\/blog\/wp-content\/uploads\/2026\/01\/\u2014Pngtree\u2014house-with-gavel-and-2026_17450321-1-scaled.png","width":2560,"height":1280,"caption":"es.pngtree.com\/"},{"@type":"BreadcrumbList","@id":"https:\/\/www.masfacil.net\/blog\/tendencias-inmobiliarias-en-cartagena-para-2026-que-se-espera-del-mercado-local\/#breadcrumb","itemListElement":[{"@type":"ListItem","position":1,"name":"Portada","item":"https:\/\/www.masfacil.net\/blog\/"},{"@type":"ListItem","position":2,"name":"Tendencias inmobiliarias en Cartagena para 2026: qu\u00e9 se espera del mercado local"}]},{"@type":"WebSite","@id":"https:\/\/www.masfacil.net\/blog\/#website","url":"https:\/\/www.masfacil.net\/blog\/","name":"M\u00e1s F\u00e1cil Inmobiliarias","description":"Blog de M\u00e1s F\u00e1cil Inmobiliarias","publisher":{"@id":"https:\/\/www.masfacil.net\/blog\/#organization"},"potentialAction":[{"@type":"SearchAction","target":{"@type":"EntryPoint","urlTemplate":"https:\/\/www.masfacil.net\/blog\/?s={search_term_string}"},"query-input":{"@type":"PropertyValueSpecification","valueRequired":true,"valueName":"search_term_string"}}],"inLanguage":"es"},{"@type":"Organization","@id":"https:\/\/www.masfacil.net\/blog\/#organization","name":"M\u00e1s F\u00e1cil Inmobiliarias","url":"https:\/\/www.masfacil.net\/blog\/","logo":{"@type":"ImageObject","inLanguage":"es","@id":"https:\/\/www.masfacil.net\/blog\/#\/schema\/logo\/image\/","url":"https:\/\/www.masfacil.net\/blog\/wp-content\/uploads\/2024\/06\/logo.png","contentUrl":"https:\/\/www.masfacil.net\/blog\/wp-content\/uploads\/2024\/06\/logo.png","width":350,"height":130,"caption":"M\u00e1s F\u00e1cil Inmobiliarias"},"image":{"@id":"https:\/\/www.masfacil.net\/blog\/#\/schema\/logo\/image\/"},"sameAs":["https:\/\/www.facebook.com\/masfacil.inmobiliarias","https:\/\/x.com\/MasFacilinmo","https:\/\/www.youtube.com\/@MasfacilNet","https:\/\/www.tiktok.com\/@masfacil.inmobiliaria"]},{"@type":"Person","@id":"https:\/\/www.masfacil.net\/blog\/#\/schema\/person\/a4ac4299ad1bd99669d7e2b0f0c15a3f","name":"Lucia Montoro Mart\u00ednez","image":{"@type":"ImageObject","inLanguage":"es","@id":"https:\/\/secure.gravatar.com\/avatar\/e155ec229aabb51af8184e69a05ca8343f59d08c7cd95345722b4444fa81b6fc?s=96&d=mm&r=g","url":"https:\/\/secure.gravatar.com\/avatar\/e155ec229aabb51af8184e69a05ca8343f59d08c7cd95345722b4444fa81b6fc?s=96&d=mm&r=g","contentUrl":"https:\/\/secure.gravatar.com\/avatar\/e155ec229aabb51af8184e69a05ca8343f59d08c7cd95345722b4444fa81b6fc?s=96&d=mm&r=g","caption":"Lucia Montoro Mart\u00ednez"},"sameAs":["http:\/\/www.masfacil.net","https:\/\/www.facebook.com\/www.masfacil.net","https:\/\/www.instagram.com\/masfacilinmobiliarias\/","https:\/\/www.linkedin.com\/in\/lucia-montoro-4b523934\/","https:\/\/www.youtube.com\/@MasfacilNet"],"url":"https:\/\/www.masfacil.net\/blog\/author\/lucia\/"}]}},"_links":{"self":[{"href":"https:\/\/www.masfacil.net\/blog\/wp-json\/wp\/v2\/posts\/513","targetHints":{"allow":["GET"]}}],"collection":[{"href":"https:\/\/www.masfacil.net\/blog\/wp-json\/wp\/v2\/posts"}],"about":[{"href":"https:\/\/www.masfacil.net\/blog\/wp-json\/wp\/v2\/types\/post"}],"author":[{"embeddable":true,"href":"https:\/\/www.masfacil.net\/blog\/wp-json\/wp\/v2\/users\/2"}],"replies":[{"embeddable":true,"href":"https:\/\/www.masfacil.net\/blog\/wp-json\/wp\/v2\/comments?post=513"}],"version-history":[{"count":1,"href":"https:\/\/www.masfacil.net\/blog\/wp-json\/wp\/v2\/posts\/513\/revisions"}],"predecessor-version":[{"id":515,"href":"https:\/\/www.masfacil.net\/blog\/wp-json\/wp\/v2\/posts\/513\/revisions\/515"}],"wp:featuredmedia":[{"embeddable":true,"href":"https:\/\/www.masfacil.net\/blog\/wp-json\/wp\/v2\/media\/514"}],"wp:attachment":[{"href":"https:\/\/www.masfacil.net\/blog\/wp-json\/wp\/v2\/media?parent=513"}],"wp:term":[{"taxonomy":"category","embeddable":true,"href":"https:\/\/www.masfacil.net\/blog\/wp-json\/wp\/v2\/categories?post=513"},{"taxonomy":"post_tag","embeddable":true,"href":"https:\/\/www.masfacil.net\/blog\/wp-json\/wp\/v2\/tags?post=513"}],"curies":[{"name":"wp","href":"https:\/\/api.w.org\/{rel}","templated":true}]}}