{"id":409,"date":"2025-10-10T21:44:17","date_gmt":"2025-10-10T21:44:17","guid":{"rendered":"https:\/\/www.masfacil.net\/blog\/?p=409"},"modified":"2025-10-10T21:44:18","modified_gmt":"2025-10-10T21:44:18","slug":"%f0%9f%8c%a7%ef%b8%8f-las-lluvias-de-este-fin-de-semana-en-cartagena-y-murcia-solidaridad-frente-a-la-dana-alice","status":"publish","type":"post","link":"https:\/\/www.masfacil.net\/blog\/%f0%9f%8c%a7%ef%b8%8f-las-lluvias-de-este-fin-de-semana-en-cartagena-y-murcia-solidaridad-frente-a-la-dana-alice\/","title":{"rendered":"\ud83c\udf27\ufe0f Las lluvias de este fin de semana en Cartagena y Murcia: solidaridad frente a la DANA Alice"},"content":{"rendered":"\n<p>Este fin de semana, la Regi\u00f3n de Murcia \u2014y especialmente Cartagena\u2014 ha vivido uno de esos episodios que nos recuerdan la fuerza de la naturaleza. La DANA Alice ha descargado lluvias intensas en muchas zonas, dejando im\u00e1genes que nos devuelven a otros momentos complicados que ya hemos vivido los cartageneros.<\/p>\n\n\n\n<p>En algunas calles, el agua ha superado los niveles habituales y ha provocado complicaciones en el tr\u00e1fico, garajes inundados y viviendas afectadas. A pesar de ello, una vez m\u00e1s, lo mejor ha sido ver la <strong>solidaridad y la r\u00e1pida respuesta de los vecinos, los servicios de emergencia y Protecci\u00f3n Civil<\/strong>.<\/p>\n\n\n\n<h2 class=\"wp-block-heading\">Cabo de Palos, la peor parada<\/h2>\n\n\n\n<p>Seg\u00fan noticias de Antena 3, se han desalojado  m\u00e1s de 100 personas en el municipio, en Cabo de Palos ha sido donde se ha registrado mayor cantidad de lluvia con 140 litro\/m2, varias carreteras est\u00e1n cortadasy se mantiene el aviso naranja hasta las 8 de la ma\u00f1ana.<\/p>\n\n\n\n<p>Las autoridades locales han habilitado <strong>pabellones y centros municipales<\/strong> para acoger a quienes lo han pasado peor durante el temporal<\/p>\n\n\n\n<p>Si alguna persona necesita asistencia o detecta una situaci\u00f3n de riesgo, debe llamar al 112 sin dudarlo.<\/p>\n\n\n\n<h2 class=\"wp-block-heading\">Los Alc\u00e1zares en alerta<\/h2>\n\n\n\n<p>El ayuntamiento de los Alc\u00e1zares informa de que la rambla del Albujon se encuentra en nivel naranja y el canal D7 presenta niveles altos.<\/p>\n\n\n\n<p>recomiendan a los vecinos de las Lomas del Rame, que se suban a la segunda planta de sus viviendas por precauci\u00f3n.<\/p>\n\n\n\n<figure class=\"wp-block-image size-full\"><img loading=\"lazy\" decoding=\"async\" width=\"500\" height=\"619\" src=\"https:\/\/www.masfacil.net\/blog\/wp-content\/uploads\/2025\/10\/precaucion-los-Alcazares.jpg\" alt=\"\" class=\"wp-image-411\" srcset=\"https:\/\/www.masfacil.net\/blog\/wp-content\/uploads\/2025\/10\/precaucion-los-Alcazares.jpg 500w, https:\/\/www.masfacil.net\/blog\/wp-content\/uploads\/2025\/10\/precaucion-los-Alcazares-242x300.jpg 242w\" sizes=\"auto, (max-width: 500px) 100vw, 500px\" \/><\/figure>\n\n\n\n<p><\/p>\n\n\n\n<p>Desde <strong>Masf\u00e1cil Inmobiliaria<\/strong>, queremos enviar un mensaje de <strong>\u00e1nimo y apoyo<\/strong> a todas las familias afectadas. Cartagena siempre ha sabido levantarse despu\u00e9s de los golpes del tiempo, y estamos seguros de que esta vez no ser\u00e1 diferente.<\/p>\n\n\n\n<p>Por favor, rogamos que se tomen todas las precauciones necesarias, y si no es extrictamente necesario, se aconseja no salir de casa.<\/p>\n\n\n\n<p>En los pr\u00f3ximos d\u00edas se prev\u00e9 una ligera mejor\u00eda del tiempo, aunque conviene seguir atentos a las indicaciones de los <a href=\"https:\/\/www.aemet.es\/es\/eltiempo\/prediccion\/avisos?l=733005&amp;r=1\">servicios meteorol\u00f3gicos<\/a>.<\/p>\n\n\n\n<p>Cuid\u00e9monos entre todos, ayudemos a quienes lo necesiten y recordemos que, m\u00e1s all\u00e1 de las lluvias, lo que siempre permanece es el esp\u00edritu solidario de nuestra tierra.<\/p>\n\n\n\n<p>\u2014<br><strong>Masf\u00e1cil Inmobiliaria<\/strong><br>Tu inmobiliaria en Cartagena desde hace m\u00e1s de 20 a\u00f1os.<br>\ud83d\udccd Calle Trece de Septiembre, 9 \u2013 Los Barreros<br>\ud83d\udcde 868 06 36 26 \/ 677 49 55 01<br>\ud83c\udf10 <a href=\"https:\/\/www.masfacil.net\/\">www.masfacil.net<\/a><\/p>\n\n\n\n<p><\/p>\n","protected":false},"excerpt":{"rendered":"<p>Este fin de semana, la Regi\u00f3n de Murcia \u2014y especialmente Cartagena\u2014 ha vivido uno de esos episodios que nos recuerdan la fuerza de la naturaleza. La DANA Alice ha descargado lluvias intensas en muchas zonas, dejando im\u00e1genes que nos devuelven a otros momentos complicados que ya hemos vivido los cartageneros. En algunas calles, el agua [&hellip;]<\/p>\n","protected":false},"author":2,"featured_media":410,"comment_status":"closed","ping_status":"open","sticky":false,"template":"","format":"standard","meta":{"footnotes":""},"categories":[1],"tags":[],"class_list":["post-409","post","type-post","status-publish","format-standard","has-post-thumbnail","hentry","category-sin-categoria","wpbf-post"],"yoast_head":"<!-- This site is optimized with the Yoast SEO plugin v27.5 - https:\/\/yoast.com\/product\/yoast-seo-wordpress\/ -->\n<title>\ud83c\udf27\ufe0f Las lluvias de este fin de semana en Cartagena y Murcia: solidaridad frente a la DANA Alice - M\u00e1s F\u00e1cil Inmobiliarias<\/title>\n<meta name=\"description\" content=\"\ud83c\udf27\ufe0f Las lluvias de este fin de semana en Cartagena y Murcia: solidaridad frente a la DANA Alice - M\u00e1s F\u00e1cil Inmobiliarias\" \/>\n<meta name=\"robots\" content=\"index, follow, max-snippet:-1, max-image-preview:large, max-video-preview:-1\" \/>\n<link rel=\"canonical\" href=\"https:\/\/www.masfacil.net\/blog\/\ud83c\udf27\ufe0f-las-lluvias-de-este-fin-de-semana-en-cartagena-y-murcia-solidaridad-frente-a-la-dana-alice\/\" \/>\n<meta property=\"og:locale\" content=\"es_ES\" \/>\n<meta property=\"og:type\" content=\"article\" \/>\n<meta property=\"og:title\" content=\"\ud83c\udf27\ufe0f Las lluvias de este fin de semana en Cartagena y Murcia: solidaridad frente a la DANA Alice - M\u00e1s F\u00e1cil Inmobiliarias\" \/>\n<meta property=\"og:description\" content=\"\ud83c\udf27\ufe0f Las lluvias de este fin de semana en Cartagena y Murcia: solidaridad frente a la DANA Alice - M\u00e1s F\u00e1cil Inmobiliarias\" \/>\n<meta property=\"og:url\" content=\"https:\/\/www.masfacil.net\/blog\/\ud83c\udf27\ufe0f-las-lluvias-de-este-fin-de-semana-en-cartagena-y-murcia-solidaridad-frente-a-la-dana-alice\/\" \/>\n<meta property=\"og:site_name\" content=\"M\u00e1s F\u00e1cil Inmobiliarias\" \/>\n<meta property=\"article:publisher\" content=\"https:\/\/www.facebook.com\/masfacil.inmobiliarias\" \/>\n<meta property=\"article:author\" content=\"https:\/\/www.facebook.com\/www.masfacil.net\" \/>\n<meta property=\"article:published_time\" content=\"2025-10-10T21:44:17+00:00\" \/>\n<meta property=\"article:modified_time\" content=\"2025-10-10T21:44:18+00:00\" \/>\n<meta property=\"og:image\" content=\"https:\/\/www.masfacil.net\/blog\/wp-content\/uploads\/2025\/10\/lluvias-cartagena.webp\" \/>\n\t<meta property=\"og:image:width\" content=\"1920\" \/>\n\t<meta property=\"og:image:height\" content=\"1280\" \/>\n\t<meta property=\"og:image:type\" content=\"image\/webp\" \/>\n<meta name=\"author\" content=\"Lucia Montoro Mart\u00ednez\" \/>\n<meta name=\"twitter:card\" content=\"summary_large_image\" \/>\n<meta name=\"twitter:creator\" content=\"@MasFacilinmo\" \/>\n<meta name=\"twitter:site\" content=\"@MasFacilinmo\" \/>\n<meta name=\"twitter:label1\" content=\"Escrito por\" \/>\n\t<meta name=\"twitter:data1\" content=\"Lucia Montoro Mart\u00ednez\" \/>\n\t<meta name=\"twitter:label2\" content=\"Tiempo de lectura\" \/>\n\t<meta name=\"twitter:data2\" content=\"3 minutos\" \/>\n<script type=\"application\/ld+json\" class=\"yoast-schema-graph\">{\"@context\":\"https:\\\/\\\/schema.org\",\"@graph\":[{\"@type\":\"Article\",\"@id\":\"https:\\\/\\\/www.masfacil.net\\\/blog\\\/%f0%9f%8c%a7%ef%b8%8f-las-lluvias-de-este-fin-de-semana-en-cartagena-y-murcia-solidaridad-frente-a-la-dana-alice\\\/#article\",\"isPartOf\":{\"@id\":\"https:\\\/\\\/www.masfacil.net\\\/blog\\\/%f0%9f%8c%a7%ef%b8%8f-las-lluvias-de-este-fin-de-semana-en-cartagena-y-murcia-solidaridad-frente-a-la-dana-alice\\\/\"},\"author\":{\"name\":\"Lucia Montoro Mart\u00ednez\",\"@id\":\"https:\\\/\\\/www.masfacil.net\\\/blog\\\/#\\\/schema\\\/person\\\/a4ac4299ad1bd99669d7e2b0f0c15a3f\"},\"headline\":\"\ud83c\udf27\ufe0f Las lluvias de este fin de semana en Cartagena y Murcia: solidaridad frente a la DANA Alice\",\"datePublished\":\"2025-10-10T21:44:17+00:00\",\"dateModified\":\"2025-10-10T21:44:18+00:00\",\"mainEntityOfPage\":{\"@id\":\"https:\\\/\\\/www.masfacil.net\\\/blog\\\/%f0%9f%8c%a7%ef%b8%8f-las-lluvias-de-este-fin-de-semana-en-cartagena-y-murcia-solidaridad-frente-a-la-dana-alice\\\/\"},\"wordCount\":406,\"publisher\":{\"@id\":\"https:\\\/\\\/www.masfacil.net\\\/blog\\\/#organization\"},\"image\":{\"@id\":\"https:\\\/\\\/www.masfacil.net\\\/blog\\\/%f0%9f%8c%a7%ef%b8%8f-las-lluvias-de-este-fin-de-semana-en-cartagena-y-murcia-solidaridad-frente-a-la-dana-alice\\\/#primaryimage\"},\"thumbnailUrl\":\"https:\\\/\\\/www.masfacil.net\\\/blog\\\/wp-content\\\/uploads\\\/2025\\\/10\\\/lluvias-cartagena.webp\",\"inLanguage\":\"es\"},{\"@type\":\"WebPage\",\"@id\":\"https:\\\/\\\/www.masfacil.net\\\/blog\\\/%f0%9f%8c%a7%ef%b8%8f-las-lluvias-de-este-fin-de-semana-en-cartagena-y-murcia-solidaridad-frente-a-la-dana-alice\\\/\",\"url\":\"https:\\\/\\\/www.masfacil.net\\\/blog\\\/%f0%9f%8c%a7%ef%b8%8f-las-lluvias-de-este-fin-de-semana-en-cartagena-y-murcia-solidaridad-frente-a-la-dana-alice\\\/\",\"name\":\"\ud83c\udf27\ufe0f Las lluvias de este fin de semana en Cartagena y Murcia: solidaridad frente a la DANA Alice - M\u00e1s F\u00e1cil Inmobiliarias\",\"isPartOf\":{\"@id\":\"https:\\\/\\\/www.masfacil.net\\\/blog\\\/#website\"},\"primaryImageOfPage\":{\"@id\":\"https:\\\/\\\/www.masfacil.net\\\/blog\\\/%f0%9f%8c%a7%ef%b8%8f-las-lluvias-de-este-fin-de-semana-en-cartagena-y-murcia-solidaridad-frente-a-la-dana-alice\\\/#primaryimage\"},\"image\":{\"@id\":\"https:\\\/\\\/www.masfacil.net\\\/blog\\\/%f0%9f%8c%a7%ef%b8%8f-las-lluvias-de-este-fin-de-semana-en-cartagena-y-murcia-solidaridad-frente-a-la-dana-alice\\\/#primaryimage\"},\"thumbnailUrl\":\"https:\\\/\\\/www.masfacil.net\\\/blog\\\/wp-content\\\/uploads\\\/2025\\\/10\\\/lluvias-cartagena.webp\",\"datePublished\":\"2025-10-10T21:44:17+00:00\",\"dateModified\":\"2025-10-10T21:44:18+00:00\",\"description\":\"\ud83c\udf27\ufe0f Las lluvias de este fin de semana en Cartagena y Murcia: solidaridad frente a la DANA Alice - M\u00e1s F\u00e1cil Inmobiliarias\",\"breadcrumb\":{\"@id\":\"https:\\\/\\\/www.masfacil.net\\\/blog\\\/%f0%9f%8c%a7%ef%b8%8f-las-lluvias-de-este-fin-de-semana-en-cartagena-y-murcia-solidaridad-frente-a-la-dana-alice\\\/#breadcrumb\"},\"inLanguage\":\"es\",\"potentialAction\":[{\"@type\":\"ReadAction\",\"target\":[\"https:\\\/\\\/www.masfacil.net\\\/blog\\\/%f0%9f%8c%a7%ef%b8%8f-las-lluvias-de-este-fin-de-semana-en-cartagena-y-murcia-solidaridad-frente-a-la-dana-alice\\\/\"]}]},{\"@type\":\"ImageObject\",\"inLanguage\":\"es\",\"@id\":\"https:\\\/\\\/www.masfacil.net\\\/blog\\\/%f0%9f%8c%a7%ef%b8%8f-las-lluvias-de-este-fin-de-semana-en-cartagena-y-murcia-solidaridad-frente-a-la-dana-alice\\\/#primaryimage\",\"url\":\"https:\\\/\\\/www.masfacil.net\\\/blog\\\/wp-content\\\/uploads\\\/2025\\\/10\\\/lluvias-cartagena.webp\",\"contentUrl\":\"https:\\\/\\\/www.masfacil.net\\\/blog\\\/wp-content\\\/uploads\\\/2025\\\/10\\\/lluvias-cartagena.webp\",\"width\":1920,\"height\":1280},{\"@type\":\"BreadcrumbList\",\"@id\":\"https:\\\/\\\/www.masfacil.net\\\/blog\\\/%f0%9f%8c%a7%ef%b8%8f-las-lluvias-de-este-fin-de-semana-en-cartagena-y-murcia-solidaridad-frente-a-la-dana-alice\\\/#breadcrumb\",\"itemListElement\":[{\"@type\":\"ListItem\",\"position\":1,\"name\":\"Portada\",\"item\":\"https:\\\/\\\/www.masfacil.net\\\/blog\\\/\"},{\"@type\":\"ListItem\",\"position\":2,\"name\":\"\ud83c\udf27\ufe0f Las lluvias de este fin de semana en Cartagena y Murcia: solidaridad frente a la DANA Alice\"}]},{\"@type\":\"WebSite\",\"@id\":\"https:\\\/\\\/www.masfacil.net\\\/blog\\\/#website\",\"url\":\"https:\\\/\\\/www.masfacil.net\\\/blog\\\/\",\"name\":\"M\u00e1s F\u00e1cil Inmobiliarias\",\"description\":\"Blog de M\u00e1s F\u00e1cil Inmobiliarias\",\"publisher\":{\"@id\":\"https:\\\/\\\/www.masfacil.net\\\/blog\\\/#organization\"},\"potentialAction\":[{\"@type\":\"SearchAction\",\"target\":{\"@type\":\"EntryPoint\",\"urlTemplate\":\"https:\\\/\\\/www.masfacil.net\\\/blog\\\/?s={search_term_string}\"},\"query-input\":{\"@type\":\"PropertyValueSpecification\",\"valueRequired\":true,\"valueName\":\"search_term_string\"}}],\"inLanguage\":\"es\"},{\"@type\":\"Organization\",\"@id\":\"https:\\\/\\\/www.masfacil.net\\\/blog\\\/#organization\",\"name\":\"M\u00e1s F\u00e1cil Inmobiliarias\",\"url\":\"https:\\\/\\\/www.masfacil.net\\\/blog\\\/\",\"logo\":{\"@type\":\"ImageObject\",\"inLanguage\":\"es\",\"@id\":\"https:\\\/\\\/www.masfacil.net\\\/blog\\\/#\\\/schema\\\/logo\\\/image\\\/\",\"url\":\"https:\\\/\\\/www.masfacil.net\\\/blog\\\/wp-content\\\/uploads\\\/2024\\\/06\\\/logo.png\",\"contentUrl\":\"https:\\\/\\\/www.masfacil.net\\\/blog\\\/wp-content\\\/uploads\\\/2024\\\/06\\\/logo.png\",\"width\":350,\"height\":130,\"caption\":\"M\u00e1s F\u00e1cil Inmobiliarias\"},\"image\":{\"@id\":\"https:\\\/\\\/www.masfacil.net\\\/blog\\\/#\\\/schema\\\/logo\\\/image\\\/\"},\"sameAs\":[\"https:\\\/\\\/www.facebook.com\\\/masfacil.inmobiliarias\",\"https:\\\/\\\/x.com\\\/MasFacilinmo\",\"https:\\\/\\\/www.youtube.com\\\/@MasfacilNet\",\"https:\\\/\\\/www.tiktok.com\\\/@masfacil.inmobiliaria\"]},{\"@type\":\"Person\",\"@id\":\"https:\\\/\\\/www.masfacil.net\\\/blog\\\/#\\\/schema\\\/person\\\/a4ac4299ad1bd99669d7e2b0f0c15a3f\",\"name\":\"Lucia Montoro Mart\u00ednez\",\"image\":{\"@type\":\"ImageObject\",\"inLanguage\":\"es\",\"@id\":\"https:\\\/\\\/secure.gravatar.com\\\/avatar\\\/e155ec229aabb51af8184e69a05ca8343f59d08c7cd95345722b4444fa81b6fc?s=96&d=mm&r=g\",\"url\":\"https:\\\/\\\/secure.gravatar.com\\\/avatar\\\/e155ec229aabb51af8184e69a05ca8343f59d08c7cd95345722b4444fa81b6fc?s=96&d=mm&r=g\",\"contentUrl\":\"https:\\\/\\\/secure.gravatar.com\\\/avatar\\\/e155ec229aabb51af8184e69a05ca8343f59d08c7cd95345722b4444fa81b6fc?s=96&d=mm&r=g\",\"caption\":\"Lucia Montoro Mart\u00ednez\"},\"sameAs\":[\"http:\\\/\\\/www.masfacil.net\",\"https:\\\/\\\/www.facebook.com\\\/www.masfacil.net\",\"https:\\\/\\\/www.instagram.com\\\/masfacilinmobiliarias\\\/\",\"https:\\\/\\\/www.linkedin.com\\\/in\\\/lucia-montoro-4b523934\\\/\",\"https:\\\/\\\/www.youtube.com\\\/@MasfacilNet\"],\"url\":\"https:\\\/\\\/www.masfacil.net\\\/blog\\\/author\\\/lucia\\\/\"}]}<\/script>\n<!-- \/ Yoast SEO plugin. -->","yoast_head_json":{"title":"\ud83c\udf27\ufe0f Las lluvias de este fin de semana en Cartagena y Murcia: solidaridad frente a la DANA Alice - M\u00e1s F\u00e1cil Inmobiliarias","description":"\ud83c\udf27\ufe0f Las lluvias de este fin de semana en Cartagena y Murcia: solidaridad frente a la DANA Alice - M\u00e1s F\u00e1cil Inmobiliarias","robots":{"index":"index","follow":"follow","max-snippet":"max-snippet:-1","max-image-preview":"max-image-preview:large","max-video-preview":"max-video-preview:-1"},"canonical":"https:\/\/www.masfacil.net\/blog\/\ud83c\udf27\ufe0f-las-lluvias-de-este-fin-de-semana-en-cartagena-y-murcia-solidaridad-frente-a-la-dana-alice\/","og_locale":"es_ES","og_type":"article","og_title":"\ud83c\udf27\ufe0f Las lluvias de este fin de semana en Cartagena y Murcia: solidaridad frente a la DANA Alice - M\u00e1s F\u00e1cil Inmobiliarias","og_description":"\ud83c\udf27\ufe0f Las lluvias de este fin de semana en Cartagena y Murcia: solidaridad frente a la DANA Alice - M\u00e1s F\u00e1cil Inmobiliarias","og_url":"https:\/\/www.masfacil.net\/blog\/\ud83c\udf27\ufe0f-las-lluvias-de-este-fin-de-semana-en-cartagena-y-murcia-solidaridad-frente-a-la-dana-alice\/","og_site_name":"M\u00e1s F\u00e1cil Inmobiliarias","article_publisher":"https:\/\/www.facebook.com\/masfacil.inmobiliarias","article_author":"https:\/\/www.facebook.com\/www.masfacil.net","article_published_time":"2025-10-10T21:44:17+00:00","article_modified_time":"2025-10-10T21:44:18+00:00","og_image":[{"width":1920,"height":1280,"url":"https:\/\/www.masfacil.net\/blog\/wp-content\/uploads\/2025\/10\/lluvias-cartagena.webp","type":"image\/webp"}],"author":"Lucia Montoro Mart\u00ednez","twitter_card":"summary_large_image","twitter_creator":"@MasFacilinmo","twitter_site":"@MasFacilinmo","twitter_misc":{"Escrito por":"Lucia Montoro Mart\u00ednez","Tiempo de lectura":"3 minutos"},"schema":{"@context":"https:\/\/schema.org","@graph":[{"@type":"Article","@id":"https:\/\/www.masfacil.net\/blog\/%f0%9f%8c%a7%ef%b8%8f-las-lluvias-de-este-fin-de-semana-en-cartagena-y-murcia-solidaridad-frente-a-la-dana-alice\/#article","isPartOf":{"@id":"https:\/\/www.masfacil.net\/blog\/%f0%9f%8c%a7%ef%b8%8f-las-lluvias-de-este-fin-de-semana-en-cartagena-y-murcia-solidaridad-frente-a-la-dana-alice\/"},"author":{"name":"Lucia Montoro Mart\u00ednez","@id":"https:\/\/www.masfacil.net\/blog\/#\/schema\/person\/a4ac4299ad1bd99669d7e2b0f0c15a3f"},"headline":"\ud83c\udf27\ufe0f Las lluvias de este fin de semana en Cartagena y Murcia: solidaridad frente a la DANA Alice","datePublished":"2025-10-10T21:44:17+00:00","dateModified":"2025-10-10T21:44:18+00:00","mainEntityOfPage":{"@id":"https:\/\/www.masfacil.net\/blog\/%f0%9f%8c%a7%ef%b8%8f-las-lluvias-de-este-fin-de-semana-en-cartagena-y-murcia-solidaridad-frente-a-la-dana-alice\/"},"wordCount":406,"publisher":{"@id":"https:\/\/www.masfacil.net\/blog\/#organization"},"image":{"@id":"https:\/\/www.masfacil.net\/blog\/%f0%9f%8c%a7%ef%b8%8f-las-lluvias-de-este-fin-de-semana-en-cartagena-y-murcia-solidaridad-frente-a-la-dana-alice\/#primaryimage"},"thumbnailUrl":"https:\/\/www.masfacil.net\/blog\/wp-content\/uploads\/2025\/10\/lluvias-cartagena.webp","inLanguage":"es"},{"@type":"WebPage","@id":"https:\/\/www.masfacil.net\/blog\/%f0%9f%8c%a7%ef%b8%8f-las-lluvias-de-este-fin-de-semana-en-cartagena-y-murcia-solidaridad-frente-a-la-dana-alice\/","url":"https:\/\/www.masfacil.net\/blog\/%f0%9f%8c%a7%ef%b8%8f-las-lluvias-de-este-fin-de-semana-en-cartagena-y-murcia-solidaridad-frente-a-la-dana-alice\/","name":"\ud83c\udf27\ufe0f Las lluvias de este fin de semana en Cartagena y Murcia: solidaridad frente a la DANA Alice - M\u00e1s F\u00e1cil Inmobiliarias","isPartOf":{"@id":"https:\/\/www.masfacil.net\/blog\/#website"},"primaryImageOfPage":{"@id":"https:\/\/www.masfacil.net\/blog\/%f0%9f%8c%a7%ef%b8%8f-las-lluvias-de-este-fin-de-semana-en-cartagena-y-murcia-solidaridad-frente-a-la-dana-alice\/#primaryimage"},"image":{"@id":"https:\/\/www.masfacil.net\/blog\/%f0%9f%8c%a7%ef%b8%8f-las-lluvias-de-este-fin-de-semana-en-cartagena-y-murcia-solidaridad-frente-a-la-dana-alice\/#primaryimage"},"thumbnailUrl":"https:\/\/www.masfacil.net\/blog\/wp-content\/uploads\/2025\/10\/lluvias-cartagena.webp","datePublished":"2025-10-10T21:44:17+00:00","dateModified":"2025-10-10T21:44:18+00:00","description":"\ud83c\udf27\ufe0f Las lluvias de este fin de semana en Cartagena y Murcia: solidaridad frente a la DANA Alice - M\u00e1s F\u00e1cil Inmobiliarias","breadcrumb":{"@id":"https:\/\/www.masfacil.net\/blog\/%f0%9f%8c%a7%ef%b8%8f-las-lluvias-de-este-fin-de-semana-en-cartagena-y-murcia-solidaridad-frente-a-la-dana-alice\/#breadcrumb"},"inLanguage":"es","potentialAction":[{"@type":"ReadAction","target":["https:\/\/www.masfacil.net\/blog\/%f0%9f%8c%a7%ef%b8%8f-las-lluvias-de-este-fin-de-semana-en-cartagena-y-murcia-solidaridad-frente-a-la-dana-alice\/"]}]},{"@type":"ImageObject","inLanguage":"es","@id":"https:\/\/www.masfacil.net\/blog\/%f0%9f%8c%a7%ef%b8%8f-las-lluvias-de-este-fin-de-semana-en-cartagena-y-murcia-solidaridad-frente-a-la-dana-alice\/#primaryimage","url":"https:\/\/www.masfacil.net\/blog\/wp-content\/uploads\/2025\/10\/lluvias-cartagena.webp","contentUrl":"https:\/\/www.masfacil.net\/blog\/wp-content\/uploads\/2025\/10\/lluvias-cartagena.webp","width":1920,"height":1280},{"@type":"BreadcrumbList","@id":"https:\/\/www.masfacil.net\/blog\/%f0%9f%8c%a7%ef%b8%8f-las-lluvias-de-este-fin-de-semana-en-cartagena-y-murcia-solidaridad-frente-a-la-dana-alice\/#breadcrumb","itemListElement":[{"@type":"ListItem","position":1,"name":"Portada","item":"https:\/\/www.masfacil.net\/blog\/"},{"@type":"ListItem","position":2,"name":"\ud83c\udf27\ufe0f Las lluvias de este fin de semana en Cartagena y Murcia: solidaridad frente a la DANA Alice"}]},{"@type":"WebSite","@id":"https:\/\/www.masfacil.net\/blog\/#website","url":"https:\/\/www.masfacil.net\/blog\/","name":"M\u00e1s F\u00e1cil Inmobiliarias","description":"Blog de M\u00e1s F\u00e1cil Inmobiliarias","publisher":{"@id":"https:\/\/www.masfacil.net\/blog\/#organization"},"potentialAction":[{"@type":"SearchAction","target":{"@type":"EntryPoint","urlTemplate":"https:\/\/www.masfacil.net\/blog\/?s={search_term_string}"},"query-input":{"@type":"PropertyValueSpecification","valueRequired":true,"valueName":"search_term_string"}}],"inLanguage":"es"},{"@type":"Organization","@id":"https:\/\/www.masfacil.net\/blog\/#organization","name":"M\u00e1s F\u00e1cil Inmobiliarias","url":"https:\/\/www.masfacil.net\/blog\/","logo":{"@type":"ImageObject","inLanguage":"es","@id":"https:\/\/www.masfacil.net\/blog\/#\/schema\/logo\/image\/","url":"https:\/\/www.masfacil.net\/blog\/wp-content\/uploads\/2024\/06\/logo.png","contentUrl":"https:\/\/www.masfacil.net\/blog\/wp-content\/uploads\/2024\/06\/logo.png","width":350,"height":130,"caption":"M\u00e1s F\u00e1cil Inmobiliarias"},"image":{"@id":"https:\/\/www.masfacil.net\/blog\/#\/schema\/logo\/image\/"},"sameAs":["https:\/\/www.facebook.com\/masfacil.inmobiliarias","https:\/\/x.com\/MasFacilinmo","https:\/\/www.youtube.com\/@MasfacilNet","https:\/\/www.tiktok.com\/@masfacil.inmobiliaria"]},{"@type":"Person","@id":"https:\/\/www.masfacil.net\/blog\/#\/schema\/person\/a4ac4299ad1bd99669d7e2b0f0c15a3f","name":"Lucia Montoro Mart\u00ednez","image":{"@type":"ImageObject","inLanguage":"es","@id":"https:\/\/secure.gravatar.com\/avatar\/e155ec229aabb51af8184e69a05ca8343f59d08c7cd95345722b4444fa81b6fc?s=96&d=mm&r=g","url":"https:\/\/secure.gravatar.com\/avatar\/e155ec229aabb51af8184e69a05ca8343f59d08c7cd95345722b4444fa81b6fc?s=96&d=mm&r=g","contentUrl":"https:\/\/secure.gravatar.com\/avatar\/e155ec229aabb51af8184e69a05ca8343f59d08c7cd95345722b4444fa81b6fc?s=96&d=mm&r=g","caption":"Lucia Montoro Mart\u00ednez"},"sameAs":["http:\/\/www.masfacil.net","https:\/\/www.facebook.com\/www.masfacil.net","https:\/\/www.instagram.com\/masfacilinmobiliarias\/","https:\/\/www.linkedin.com\/in\/lucia-montoro-4b523934\/","https:\/\/www.youtube.com\/@MasfacilNet"],"url":"https:\/\/www.masfacil.net\/blog\/author\/lucia\/"}]}},"_links":{"self":[{"href":"https:\/\/www.masfacil.net\/blog\/wp-json\/wp\/v2\/posts\/409","targetHints":{"allow":["GET"]}}],"collection":[{"href":"https:\/\/www.masfacil.net\/blog\/wp-json\/wp\/v2\/posts"}],"about":[{"href":"https:\/\/www.masfacil.net\/blog\/wp-json\/wp\/v2\/types\/post"}],"author":[{"embeddable":true,"href":"https:\/\/www.masfacil.net\/blog\/wp-json\/wp\/v2\/users\/2"}],"replies":[{"embeddable":true,"href":"https:\/\/www.masfacil.net\/blog\/wp-json\/wp\/v2\/comments?post=409"}],"version-history":[{"count":1,"href":"https:\/\/www.masfacil.net\/blog\/wp-json\/wp\/v2\/posts\/409\/revisions"}],"predecessor-version":[{"id":412,"href":"https:\/\/www.masfacil.net\/blog\/wp-json\/wp\/v2\/posts\/409\/revisions\/412"}],"wp:featuredmedia":[{"embeddable":true,"href":"https:\/\/www.masfacil.net\/blog\/wp-json\/wp\/v2\/media\/410"}],"wp:attachment":[{"href":"https:\/\/www.masfacil.net\/blog\/wp-json\/wp\/v2\/media?parent=409"}],"wp:term":[{"taxonomy":"category","embeddable":true,"href":"https:\/\/www.masfacil.net\/blog\/wp-json\/wp\/v2\/categories?post=409"},{"taxonomy":"post_tag","embeddable":true,"href":"https:\/\/www.masfacil.net\/blog\/wp-json\/wp\/v2\/tags?post=409"}],"curies":[{"name":"wp","href":"https:\/\/api.w.org\/{rel}","templated":true}]}}