{"id":158,"date":"2025-03-03T12:18:40","date_gmt":"2025-03-03T12:18:40","guid":{"rendered":"https:\/\/www.masfacil.net\/blog\/?p=158"},"modified":"2025-08-19T10:07:51","modified_gmt":"2025-08-19T10:07:51","slug":"parcela-urbana-la-palma-cartagena-989m2","status":"publish","type":"post","link":"https:\/\/www.masfacil.net\/blog\/parcela-urbana-la-palma-cartagena-989m2\/","title":{"rendered":"Inversi\u00f3n inmobiliaria en Cartagena: Descubre esta exclusiva parcela urbana en La Palma"},"content":{"rendered":"\n<h2 class=\"wp-block-heading\">Parcela en venta en Cartagena<\/h2>\n\n\n\n<figure class=\"wp-block-image size-full\"><img loading=\"lazy\" decoding=\"async\" width=\"998\" height=\"694\" src=\"https:\/\/www.masfacil.net\/blog\/wp-content\/uploads\/2025\/03\/parcela-la-Palma-5.jpg\" alt=\"\" class=\"wp-image-159\" srcset=\"https:\/\/www.masfacil.net\/blog\/wp-content\/uploads\/2025\/03\/parcela-la-Palma-5.jpg 998w, https:\/\/www.masfacil.net\/blog\/wp-content\/uploads\/2025\/03\/parcela-la-Palma-5-300x209.jpg 300w, https:\/\/www.masfacil.net\/blog\/wp-content\/uploads\/2025\/03\/parcela-la-Palma-5-768x534.jpg 768w\" sizes=\"auto, (max-width: 998px) 100vw, 998px\" \/><\/figure>\n\n\n\n<p><\/p>\n\n\n\n<p>Si est\u00e1s buscando una <strong>parcela urbana en Cartagena<\/strong> donde construir la <strong>casa de tus sue\u00f1os<\/strong> o desarrollar un <strong>proyecto inmobiliario rentable<\/strong>, tenemos una oportunidad que no puedes dejar pasar. Hoy te hablamos de una magn\u00edfica <strong>parcela de 989 m\u00b2 en La Palma<\/strong>, un entorno tranquilo y bien conectado, ideal tanto para particulares como para promotores.<\/p>\n\n\n\n<h2 class=\"wp-block-heading\"><strong>\u00bfPor qu\u00e9 invertir en esta parcela en La Palma?<\/strong><\/h2>\n\n\n\n<p>Ubicada en <strong>segunda l\u00ednea de carretera<\/strong>, esta parcela combina la <strong>comodidad de una buena comunicaci\u00f3n<\/strong> con la tranquilidad de no estar expuesta al ruido del tr\u00e1fico. Adem\u00e1s, colinda con un <strong>bonito parque<\/strong>, lo que la convierte en una opci\u00f3n perfecta para quienes buscan un entorno natural y relajado.<\/p>\n\n\n\n<h3 class=\"wp-block-heading\"><strong>Ventajas de esta parcela en Cartagena:<\/strong><\/h3>\n\n\n\n<p>\u2705 <strong>Superficie amplia:<\/strong> 989 m\u00b2 para dise\u00f1ar una vivienda a medida o varios d\u00faplex si eres promotor.<br>\u2705 <strong>Sin limitaciones de construcci\u00f3n:<\/strong> Su clasificaci\u00f3n urban\u00edstica VU1 permite una total libertad en el desarrollo del proyecto.<br>\u2705 <strong>Ubicaci\u00f3n estrat\u00e9gica:<\/strong> A pocos minutos del centro de <strong>Cartagena<\/strong>, con acceso r\u00e1pido a servicios, comercios y colegios.<br>\u2705 <strong>Entorno tranquilo y familiar:<\/strong> Ideal para quienes desean vivir alejados del bullicio, pero con todas las comodidades cerca.<\/p>\n\n\n\n<p><\/p>\n\n\n\n<figure class=\"wp-block-image size-large\"><img loading=\"lazy\" decoding=\"async\" width=\"1024\" height=\"768\" src=\"https:\/\/www.masfacil.net\/blog\/wp-content\/uploads\/2025\/03\/Parcela-la-Palma-2-1024x768.jpeg\" alt=\"\" class=\"wp-image-160\" srcset=\"https:\/\/www.masfacil.net\/blog\/wp-content\/uploads\/2025\/03\/Parcela-la-Palma-2-1024x768.jpeg 1024w, https:\/\/www.masfacil.net\/blog\/wp-content\/uploads\/2025\/03\/Parcela-la-Palma-2-300x225.jpeg 300w, https:\/\/www.masfacil.net\/blog\/wp-content\/uploads\/2025\/03\/Parcela-la-Palma-2-768x576.jpeg 768w, https:\/\/www.masfacil.net\/blog\/wp-content\/uploads\/2025\/03\/Parcela-la-Palma-2-1536x1152.jpeg 1536w, https:\/\/www.masfacil.net\/blog\/wp-content\/uploads\/2025\/03\/Parcela-la-Palma-2.jpeg 2000w\" sizes=\"auto, (max-width: 1024px) 100vw, 1024px\" \/><\/figure>\n\n\n\n<h2 class=\"wp-block-heading\"><strong>Cartagena, un lugar ideal para invertir en suelo urbano<\/strong><\/h2>\n\n\n\n<p>Cartagena se ha convertido en un destino clave para quienes buscan <strong>inversi\u00f3n inmobiliaria en la <a href=\"https:\/\/www.carm.es\/web\/pagina?IDCONTENIDO=1&amp;IDTIPO=180\">Regi\u00f3n de Murcia<\/a><\/strong>. Su crecimiento, infraestructura y calidad de vida hacen que el <strong>mercado del suelo urbano<\/strong> est\u00e9 en auge, especialmente en zonas en expansi\u00f3n como <strong>La Palma<\/strong>.<\/p>\n\n\n\n<p>Si est\u00e1s valorando la compra de una <strong>parcela urbana en Cartagena<\/strong>, esta opci\u00f3n es una excelente oportunidad tanto para construir una vivienda a tu gusto como para desarrollar una promoci\u00f3n inmobiliaria con alta demanda.<\/p>\n\n\n\n<h2 class=\"wp-block-heading\"><strong>Compra con garant\u00eda y sin intermediarios<\/strong><\/h2>\n\n\n\n<p>En <strong>M\u00c1S F\u00c1CIL<\/strong>, comercializamos esta parcela en <strong>exclusiva<\/strong>, lo que significa que recibir\u00e1s toda la informaci\u00f3n de primera mano y sin interferencias de terceros. Nuestro equipo te guiar\u00e1 en cada paso del proceso para que la compra sea \u00e1gil, segura y sin complicaciones.<\/p>\n\n\n\n<p>\ud83d\udcde <strong><a href=\"https:\/\/www.masfacil.net\/contactar\">Contacta con nosotros<\/a><\/strong> para m\u00e1s informaci\u00f3n y haz realidad tu proyecto en Cartagena.<\/p>\n","protected":false},"excerpt":{"rendered":"<p>Parcela en venta en Cartagena Si est\u00e1s buscando una parcela urbana en Cartagena donde construir la casa de tus sue\u00f1os o desarrollar un proyecto inmobiliario rentable, tenemos una oportunidad que no puedes dejar pasar. Hoy te hablamos de una magn\u00edfica parcela de 989 m\u00b2 en La Palma, un entorno tranquilo y bien conectado, ideal tanto [&hellip;]<\/p>\n","protected":false},"author":2,"featured_media":0,"comment_status":"closed","ping_status":"open","sticky":false,"template":"","format":"standard","meta":{"footnotes":""},"categories":[13,4,1],"tags":[20,17],"class_list":["post-158","post","type-post","status-publish","format-standard","hentry","category-sabias-que","category-noticias-inmobiliarias-y-tendencias","category-sin-categoria","tag-inmobiliaria-cartagena","tag-vender-casa-cartagena","wpbf-post"],"yoast_head":"<!-- This site is optimized with the Yoast SEO plugin v27.5 - https:\/\/yoast.com\/product\/yoast-seo-wordpress\/ -->\n<title>Inversi\u00f3n inmobiliaria en Cartagena: Descubre esta exclusiva parcela urbana en La Palma - M\u00e1s F\u00e1cil Inmobiliarias<\/title>\n<meta name=\"description\" content=\"Inversi\u00f3n inmobiliaria en Cartagena: Descubre esta exclusiva parcela urbana en La Palma - M\u00e1s F\u00e1cil Inmobiliarias\" \/>\n<meta name=\"robots\" content=\"index, follow, max-snippet:-1, max-image-preview:large, max-video-preview:-1\" \/>\n<link rel=\"canonical\" href=\"https:\/\/www.masfacil.net\/blog\/parcela-urbana-la-palma-cartagena-989m2\/\" \/>\n<meta property=\"og:locale\" content=\"es_ES\" \/>\n<meta property=\"og:type\" content=\"article\" \/>\n<meta property=\"og:title\" content=\"Inversi\u00f3n inmobiliaria en Cartagena: Descubre esta exclusiva parcela urbana en La Palma - M\u00e1s F\u00e1cil Inmobiliarias\" \/>\n<meta property=\"og:description\" content=\"Inversi\u00f3n inmobiliaria en Cartagena: Descubre esta exclusiva parcela urbana en La Palma - M\u00e1s F\u00e1cil Inmobiliarias\" \/>\n<meta property=\"og:url\" content=\"https:\/\/www.masfacil.net\/blog\/parcela-urbana-la-palma-cartagena-989m2\/\" \/>\n<meta property=\"og:site_name\" content=\"M\u00e1s F\u00e1cil Inmobiliarias\" \/>\n<meta property=\"article:publisher\" content=\"https:\/\/www.facebook.com\/masfacil.inmobiliarias\" \/>\n<meta property=\"article:author\" content=\"https:\/\/www.facebook.com\/www.masfacil.net\" \/>\n<meta property=\"article:published_time\" content=\"2025-03-03T12:18:40+00:00\" \/>\n<meta property=\"article:modified_time\" content=\"2025-08-19T10:07:51+00:00\" \/>\n<meta property=\"og:image\" content=\"https:\/\/www.masfacil.net\/blog\/wp-content\/uploads\/2025\/03\/parcela-la-Palma-5.jpg\" \/>\n\t<meta property=\"og:image:width\" content=\"998\" \/>\n\t<meta property=\"og:image:height\" content=\"694\" \/>\n\t<meta property=\"og:image:type\" content=\"image\/jpeg\" \/>\n<meta name=\"author\" content=\"Lucia Montoro Mart\u00ednez\" \/>\n<meta name=\"twitter:card\" content=\"summary_large_image\" \/>\n<meta name=\"twitter:creator\" content=\"@MasFacilinmo\" \/>\n<meta name=\"twitter:site\" content=\"@MasFacilinmo\" \/>\n<meta name=\"twitter:label1\" content=\"Escrito por\" \/>\n\t<meta name=\"twitter:data1\" content=\"Lucia Montoro Mart\u00ednez\" \/>\n\t<meta name=\"twitter:label2\" content=\"Tiempo de lectura\" \/>\n\t<meta name=\"twitter:data2\" content=\"2 minutos\" \/>\n<script type=\"application\/ld+json\" class=\"yoast-schema-graph\">{\"@context\":\"https:\\\/\\\/schema.org\",\"@graph\":[{\"@type\":\"Article\",\"@id\":\"https:\\\/\\\/www.masfacil.net\\\/blog\\\/parcela-urbana-la-palma-cartagena-989m2\\\/#article\",\"isPartOf\":{\"@id\":\"https:\\\/\\\/www.masfacil.net\\\/blog\\\/parcela-urbana-la-palma-cartagena-989m2\\\/\"},\"author\":{\"name\":\"Lucia Montoro Mart\u00ednez\",\"@id\":\"https:\\\/\\\/www.masfacil.net\\\/blog\\\/#\\\/schema\\\/person\\\/a4ac4299ad1bd99669d7e2b0f0c15a3f\"},\"headline\":\"Inversi\u00f3n inmobiliaria en Cartagena: Descubre esta exclusiva parcela urbana en La Palma\",\"datePublished\":\"2025-03-03T12:18:40+00:00\",\"dateModified\":\"2025-08-19T10:07:51+00:00\",\"mainEntityOfPage\":{\"@id\":\"https:\\\/\\\/www.masfacil.net\\\/blog\\\/parcela-urbana-la-palma-cartagena-989m2\\\/\"},\"wordCount\":379,\"publisher\":{\"@id\":\"https:\\\/\\\/www.masfacil.net\\\/blog\\\/#organization\"},\"image\":{\"@id\":\"https:\\\/\\\/www.masfacil.net\\\/blog\\\/parcela-urbana-la-palma-cartagena-989m2\\\/#primaryimage\"},\"thumbnailUrl\":\"https:\\\/\\\/www.masfacil.net\\\/blog\\\/wp-content\\\/uploads\\\/2025\\\/03\\\/parcela-la-Palma-5.jpg\",\"keywords\":[\"inmobiliaria Cartagena\",\"vender casa cartagena\"],\"articleSection\":[\"\u00bfSab\u00edas que?\",\"Noticias Inmobiliarias y tendencias\"],\"inLanguage\":\"es\"},{\"@type\":\"WebPage\",\"@id\":\"https:\\\/\\\/www.masfacil.net\\\/blog\\\/parcela-urbana-la-palma-cartagena-989m2\\\/\",\"url\":\"https:\\\/\\\/www.masfacil.net\\\/blog\\\/parcela-urbana-la-palma-cartagena-989m2\\\/\",\"name\":\"Inversi\u00f3n inmobiliaria en Cartagena: Descubre esta exclusiva parcela urbana en La Palma - M\u00e1s F\u00e1cil Inmobiliarias\",\"isPartOf\":{\"@id\":\"https:\\\/\\\/www.masfacil.net\\\/blog\\\/#website\"},\"primaryImageOfPage\":{\"@id\":\"https:\\\/\\\/www.masfacil.net\\\/blog\\\/parcela-urbana-la-palma-cartagena-989m2\\\/#primaryimage\"},\"image\":{\"@id\":\"https:\\\/\\\/www.masfacil.net\\\/blog\\\/parcela-urbana-la-palma-cartagena-989m2\\\/#primaryimage\"},\"thumbnailUrl\":\"https:\\\/\\\/www.masfacil.net\\\/blog\\\/wp-content\\\/uploads\\\/2025\\\/03\\\/parcela-la-Palma-5.jpg\",\"datePublished\":\"2025-03-03T12:18:40+00:00\",\"dateModified\":\"2025-08-19T10:07:51+00:00\",\"description\":\"Inversi\u00f3n inmobiliaria en Cartagena: Descubre esta exclusiva parcela urbana en La Palma - M\u00e1s F\u00e1cil Inmobiliarias\",\"breadcrumb\":{\"@id\":\"https:\\\/\\\/www.masfacil.net\\\/blog\\\/parcela-urbana-la-palma-cartagena-989m2\\\/#breadcrumb\"},\"inLanguage\":\"es\",\"potentialAction\":[{\"@type\":\"ReadAction\",\"target\":[\"https:\\\/\\\/www.masfacil.net\\\/blog\\\/parcela-urbana-la-palma-cartagena-989m2\\\/\"]}]},{\"@type\":\"ImageObject\",\"inLanguage\":\"es\",\"@id\":\"https:\\\/\\\/www.masfacil.net\\\/blog\\\/parcela-urbana-la-palma-cartagena-989m2\\\/#primaryimage\",\"url\":\"https:\\\/\\\/www.masfacil.net\\\/blog\\\/wp-content\\\/uploads\\\/2025\\\/03\\\/parcela-la-Palma-5.jpg\",\"contentUrl\":\"https:\\\/\\\/www.masfacil.net\\\/blog\\\/wp-content\\\/uploads\\\/2025\\\/03\\\/parcela-la-Palma-5.jpg\",\"width\":998,\"height\":694},{\"@type\":\"BreadcrumbList\",\"@id\":\"https:\\\/\\\/www.masfacil.net\\\/blog\\\/parcela-urbana-la-palma-cartagena-989m2\\\/#breadcrumb\",\"itemListElement\":[{\"@type\":\"ListItem\",\"position\":1,\"name\":\"Portada\",\"item\":\"https:\\\/\\\/www.masfacil.net\\\/blog\\\/\"},{\"@type\":\"ListItem\",\"position\":2,\"name\":\"Inversi\u00f3n inmobiliaria en Cartagena: Descubre esta exclusiva parcela urbana en La Palma\"}]},{\"@type\":\"WebSite\",\"@id\":\"https:\\\/\\\/www.masfacil.net\\\/blog\\\/#website\",\"url\":\"https:\\\/\\\/www.masfacil.net\\\/blog\\\/\",\"name\":\"M\u00e1s F\u00e1cil Inmobiliarias\",\"description\":\"Blog de M\u00e1s F\u00e1cil Inmobiliarias\",\"publisher\":{\"@id\":\"https:\\\/\\\/www.masfacil.net\\\/blog\\\/#organization\"},\"potentialAction\":[{\"@type\":\"SearchAction\",\"target\":{\"@type\":\"EntryPoint\",\"urlTemplate\":\"https:\\\/\\\/www.masfacil.net\\\/blog\\\/?s={search_term_string}\"},\"query-input\":{\"@type\":\"PropertyValueSpecification\",\"valueRequired\":true,\"valueName\":\"search_term_string\"}}],\"inLanguage\":\"es\"},{\"@type\":\"Organization\",\"@id\":\"https:\\\/\\\/www.masfacil.net\\\/blog\\\/#organization\",\"name\":\"M\u00e1s F\u00e1cil Inmobiliarias\",\"url\":\"https:\\\/\\\/www.masfacil.net\\\/blog\\\/\",\"logo\":{\"@type\":\"ImageObject\",\"inLanguage\":\"es\",\"@id\":\"https:\\\/\\\/www.masfacil.net\\\/blog\\\/#\\\/schema\\\/logo\\\/image\\\/\",\"url\":\"https:\\\/\\\/www.masfacil.net\\\/blog\\\/wp-content\\\/uploads\\\/2024\\\/06\\\/logo.png\",\"contentUrl\":\"https:\\\/\\\/www.masfacil.net\\\/blog\\\/wp-content\\\/uploads\\\/2024\\\/06\\\/logo.png\",\"width\":350,\"height\":130,\"caption\":\"M\u00e1s F\u00e1cil Inmobiliarias\"},\"image\":{\"@id\":\"https:\\\/\\\/www.masfacil.net\\\/blog\\\/#\\\/schema\\\/logo\\\/image\\\/\"},\"sameAs\":[\"https:\\\/\\\/www.facebook.com\\\/masfacil.inmobiliarias\",\"https:\\\/\\\/x.com\\\/MasFacilinmo\",\"https:\\\/\\\/www.youtube.com\\\/@MasfacilNet\",\"https:\\\/\\\/www.tiktok.com\\\/@masfacil.inmobiliaria\"]},{\"@type\":\"Person\",\"@id\":\"https:\\\/\\\/www.masfacil.net\\\/blog\\\/#\\\/schema\\\/person\\\/a4ac4299ad1bd99669d7e2b0f0c15a3f\",\"name\":\"Lucia Montoro Mart\u00ednez\",\"image\":{\"@type\":\"ImageObject\",\"inLanguage\":\"es\",\"@id\":\"https:\\\/\\\/secure.gravatar.com\\\/avatar\\\/e155ec229aabb51af8184e69a05ca8343f59d08c7cd95345722b4444fa81b6fc?s=96&d=mm&r=g\",\"url\":\"https:\\\/\\\/secure.gravatar.com\\\/avatar\\\/e155ec229aabb51af8184e69a05ca8343f59d08c7cd95345722b4444fa81b6fc?s=96&d=mm&r=g\",\"contentUrl\":\"https:\\\/\\\/secure.gravatar.com\\\/avatar\\\/e155ec229aabb51af8184e69a05ca8343f59d08c7cd95345722b4444fa81b6fc?s=96&d=mm&r=g\",\"caption\":\"Lucia Montoro Mart\u00ednez\"},\"sameAs\":[\"http:\\\/\\\/www.masfacil.net\",\"https:\\\/\\\/www.facebook.com\\\/www.masfacil.net\",\"https:\\\/\\\/www.instagram.com\\\/masfacilinmobiliarias\\\/\",\"https:\\\/\\\/www.linkedin.com\\\/in\\\/lucia-montoro-4b523934\\\/\",\"https:\\\/\\\/www.youtube.com\\\/@MasfacilNet\"],\"url\":\"https:\\\/\\\/www.masfacil.net\\\/blog\\\/author\\\/lucia\\\/\"}]}<\/script>\n<!-- \/ Yoast SEO plugin. -->","yoast_head_json":{"title":"Inversi\u00f3n inmobiliaria en Cartagena: Descubre esta exclusiva parcela urbana en La Palma - M\u00e1s F\u00e1cil Inmobiliarias","description":"Inversi\u00f3n inmobiliaria en Cartagena: Descubre esta exclusiva parcela urbana en La Palma - M\u00e1s F\u00e1cil Inmobiliarias","robots":{"index":"index","follow":"follow","max-snippet":"max-snippet:-1","max-image-preview":"max-image-preview:large","max-video-preview":"max-video-preview:-1"},"canonical":"https:\/\/www.masfacil.net\/blog\/parcela-urbana-la-palma-cartagena-989m2\/","og_locale":"es_ES","og_type":"article","og_title":"Inversi\u00f3n inmobiliaria en Cartagena: Descubre esta exclusiva parcela urbana en La Palma - M\u00e1s F\u00e1cil Inmobiliarias","og_description":"Inversi\u00f3n inmobiliaria en Cartagena: Descubre esta exclusiva parcela urbana en La Palma - M\u00e1s F\u00e1cil Inmobiliarias","og_url":"https:\/\/www.masfacil.net\/blog\/parcela-urbana-la-palma-cartagena-989m2\/","og_site_name":"M\u00e1s F\u00e1cil Inmobiliarias","article_publisher":"https:\/\/www.facebook.com\/masfacil.inmobiliarias","article_author":"https:\/\/www.facebook.com\/www.masfacil.net","article_published_time":"2025-03-03T12:18:40+00:00","article_modified_time":"2025-08-19T10:07:51+00:00","og_image":[{"width":998,"height":694,"url":"https:\/\/www.masfacil.net\/blog\/wp-content\/uploads\/2025\/03\/parcela-la-Palma-5.jpg","type":"image\/jpeg"}],"author":"Lucia Montoro Mart\u00ednez","twitter_card":"summary_large_image","twitter_creator":"@MasFacilinmo","twitter_site":"@MasFacilinmo","twitter_misc":{"Escrito por":"Lucia Montoro Mart\u00ednez","Tiempo de lectura":"2 minutos"},"schema":{"@context":"https:\/\/schema.org","@graph":[{"@type":"Article","@id":"https:\/\/www.masfacil.net\/blog\/parcela-urbana-la-palma-cartagena-989m2\/#article","isPartOf":{"@id":"https:\/\/www.masfacil.net\/blog\/parcela-urbana-la-palma-cartagena-989m2\/"},"author":{"name":"Lucia Montoro Mart\u00ednez","@id":"https:\/\/www.masfacil.net\/blog\/#\/schema\/person\/a4ac4299ad1bd99669d7e2b0f0c15a3f"},"headline":"Inversi\u00f3n inmobiliaria en Cartagena: Descubre esta exclusiva parcela urbana en La Palma","datePublished":"2025-03-03T12:18:40+00:00","dateModified":"2025-08-19T10:07:51+00:00","mainEntityOfPage":{"@id":"https:\/\/www.masfacil.net\/blog\/parcela-urbana-la-palma-cartagena-989m2\/"},"wordCount":379,"publisher":{"@id":"https:\/\/www.masfacil.net\/blog\/#organization"},"image":{"@id":"https:\/\/www.masfacil.net\/blog\/parcela-urbana-la-palma-cartagena-989m2\/#primaryimage"},"thumbnailUrl":"https:\/\/www.masfacil.net\/blog\/wp-content\/uploads\/2025\/03\/parcela-la-Palma-5.jpg","keywords":["inmobiliaria Cartagena","vender casa cartagena"],"articleSection":["\u00bfSab\u00edas que?","Noticias Inmobiliarias y tendencias"],"inLanguage":"es"},{"@type":"WebPage","@id":"https:\/\/www.masfacil.net\/blog\/parcela-urbana-la-palma-cartagena-989m2\/","url":"https:\/\/www.masfacil.net\/blog\/parcela-urbana-la-palma-cartagena-989m2\/","name":"Inversi\u00f3n inmobiliaria en Cartagena: Descubre esta exclusiva parcela urbana en La Palma - M\u00e1s F\u00e1cil Inmobiliarias","isPartOf":{"@id":"https:\/\/www.masfacil.net\/blog\/#website"},"primaryImageOfPage":{"@id":"https:\/\/www.masfacil.net\/blog\/parcela-urbana-la-palma-cartagena-989m2\/#primaryimage"},"image":{"@id":"https:\/\/www.masfacil.net\/blog\/parcela-urbana-la-palma-cartagena-989m2\/#primaryimage"},"thumbnailUrl":"https:\/\/www.masfacil.net\/blog\/wp-content\/uploads\/2025\/03\/parcela-la-Palma-5.jpg","datePublished":"2025-03-03T12:18:40+00:00","dateModified":"2025-08-19T10:07:51+00:00","description":"Inversi\u00f3n inmobiliaria en Cartagena: Descubre esta exclusiva parcela urbana en La Palma - M\u00e1s F\u00e1cil Inmobiliarias","breadcrumb":{"@id":"https:\/\/www.masfacil.net\/blog\/parcela-urbana-la-palma-cartagena-989m2\/#breadcrumb"},"inLanguage":"es","potentialAction":[{"@type":"ReadAction","target":["https:\/\/www.masfacil.net\/blog\/parcela-urbana-la-palma-cartagena-989m2\/"]}]},{"@type":"ImageObject","inLanguage":"es","@id":"https:\/\/www.masfacil.net\/blog\/parcela-urbana-la-palma-cartagena-989m2\/#primaryimage","url":"https:\/\/www.masfacil.net\/blog\/wp-content\/uploads\/2025\/03\/parcela-la-Palma-5.jpg","contentUrl":"https:\/\/www.masfacil.net\/blog\/wp-content\/uploads\/2025\/03\/parcela-la-Palma-5.jpg","width":998,"height":694},{"@type":"BreadcrumbList","@id":"https:\/\/www.masfacil.net\/blog\/parcela-urbana-la-palma-cartagena-989m2\/#breadcrumb","itemListElement":[{"@type":"ListItem","position":1,"name":"Portada","item":"https:\/\/www.masfacil.net\/blog\/"},{"@type":"ListItem","position":2,"name":"Inversi\u00f3n inmobiliaria en Cartagena: Descubre esta exclusiva parcela urbana en La Palma"}]},{"@type":"WebSite","@id":"https:\/\/www.masfacil.net\/blog\/#website","url":"https:\/\/www.masfacil.net\/blog\/","name":"M\u00e1s F\u00e1cil Inmobiliarias","description":"Blog de M\u00e1s F\u00e1cil Inmobiliarias","publisher":{"@id":"https:\/\/www.masfacil.net\/blog\/#organization"},"potentialAction":[{"@type":"SearchAction","target":{"@type":"EntryPoint","urlTemplate":"https:\/\/www.masfacil.net\/blog\/?s={search_term_string}"},"query-input":{"@type":"PropertyValueSpecification","valueRequired":true,"valueName":"search_term_string"}}],"inLanguage":"es"},{"@type":"Organization","@id":"https:\/\/www.masfacil.net\/blog\/#organization","name":"M\u00e1s F\u00e1cil Inmobiliarias","url":"https:\/\/www.masfacil.net\/blog\/","logo":{"@type":"ImageObject","inLanguage":"es","@id":"https:\/\/www.masfacil.net\/blog\/#\/schema\/logo\/image\/","url":"https:\/\/www.masfacil.net\/blog\/wp-content\/uploads\/2024\/06\/logo.png","contentUrl":"https:\/\/www.masfacil.net\/blog\/wp-content\/uploads\/2024\/06\/logo.png","width":350,"height":130,"caption":"M\u00e1s F\u00e1cil Inmobiliarias"},"image":{"@id":"https:\/\/www.masfacil.net\/blog\/#\/schema\/logo\/image\/"},"sameAs":["https:\/\/www.facebook.com\/masfacil.inmobiliarias","https:\/\/x.com\/MasFacilinmo","https:\/\/www.youtube.com\/@MasfacilNet","https:\/\/www.tiktok.com\/@masfacil.inmobiliaria"]},{"@type":"Person","@id":"https:\/\/www.masfacil.net\/blog\/#\/schema\/person\/a4ac4299ad1bd99669d7e2b0f0c15a3f","name":"Lucia Montoro Mart\u00ednez","image":{"@type":"ImageObject","inLanguage":"es","@id":"https:\/\/secure.gravatar.com\/avatar\/e155ec229aabb51af8184e69a05ca8343f59d08c7cd95345722b4444fa81b6fc?s=96&d=mm&r=g","url":"https:\/\/secure.gravatar.com\/avatar\/e155ec229aabb51af8184e69a05ca8343f59d08c7cd95345722b4444fa81b6fc?s=96&d=mm&r=g","contentUrl":"https:\/\/secure.gravatar.com\/avatar\/e155ec229aabb51af8184e69a05ca8343f59d08c7cd95345722b4444fa81b6fc?s=96&d=mm&r=g","caption":"Lucia Montoro Mart\u00ednez"},"sameAs":["http:\/\/www.masfacil.net","https:\/\/www.facebook.com\/www.masfacil.net","https:\/\/www.instagram.com\/masfacilinmobiliarias\/","https:\/\/www.linkedin.com\/in\/lucia-montoro-4b523934\/","https:\/\/www.youtube.com\/@MasfacilNet"],"url":"https:\/\/www.masfacil.net\/blog\/author\/lucia\/"}]}},"_links":{"self":[{"href":"https:\/\/www.masfacil.net\/blog\/wp-json\/wp\/v2\/posts\/158","targetHints":{"allow":["GET"]}}],"collection":[{"href":"https:\/\/www.masfacil.net\/blog\/wp-json\/wp\/v2\/posts"}],"about":[{"href":"https:\/\/www.masfacil.net\/blog\/wp-json\/wp\/v2\/types\/post"}],"author":[{"embeddable":true,"href":"https:\/\/www.masfacil.net\/blog\/wp-json\/wp\/v2\/users\/2"}],"replies":[{"embeddable":true,"href":"https:\/\/www.masfacil.net\/blog\/wp-json\/wp\/v2\/comments?post=158"}],"version-history":[{"count":2,"href":"https:\/\/www.masfacil.net\/blog\/wp-json\/wp\/v2\/posts\/158\/revisions"}],"predecessor-version":[{"id":288,"href":"https:\/\/www.masfacil.net\/blog\/wp-json\/wp\/v2\/posts\/158\/revisions\/288"}],"wp:attachment":[{"href":"https:\/\/www.masfacil.net\/blog\/wp-json\/wp\/v2\/media?parent=158"}],"wp:term":[{"taxonomy":"category","embeddable":true,"href":"https:\/\/www.masfacil.net\/blog\/wp-json\/wp\/v2\/categories?post=158"},{"taxonomy":"post_tag","embeddable":true,"href":"https:\/\/www.masfacil.net\/blog\/wp-json\/wp\/v2\/tags?post=158"}],"curies":[{"name":"wp","href":"https:\/\/api.w.org\/{rel}","templated":true}]}}